{"id":39889,"date":"2025-05-12T07:26:55","date_gmt":"2025-05-12T07:26:55","guid":{"rendered":"https:\/\/imlauer.com\/hotel-pitter-salzburg\/gala-du-nouvel-an\/"},"modified":"2026-08-25T09:44:38","modified_gmt":"2026-08-25T09:44:38","slug":"gala-du-nouvel-an","status":"publish","type":"post","link":"https:\/\/imlauer.com\/hotel-pitter-salzburg\/gala-du-nouvel-an\/?lang=fr","title":{"rendered":"Gala du Nouvel An"},"content":{"rendered":"<div class=\"fusion-fullwidth fullwidth-box fusion-builder-row-1 has-pattern-background has-mask-background nonhundred-percent-fullwidth non-hundred-percent-height-scrolling fusion-equal-height-columns\" style=\"--awb-background-position:center bottom;--awb-border-sizes-top:0px;--awb-border-sizes-bottom:0px;--awb-border-sizes-left:0px;--awb-border-sizes-right:0px;--awb-border-radius-top-left:0px;--awb-border-radius-top-right:0px;--awb-border-radius-bottom-right:0px;--awb-border-radius-bottom-left:0px;--awb-padding-top:0px;--awb-padding-bottom:0px;--awb-margin-top:40px;--awb-flex-wrap:wrap;\" ><div class=\"fusion-builder-row fusion-row\"><div class=\"fusion-layout-column fusion_builder_column fusion-builder-column-0 fusion_builder_column_1_2 1_2 fusion-one-half fusion-column-first\" style=\"--awb-padding-right:45px;--awb-padding-bottom:45px;--awb-padding-left:45px;--awb-bg-color:#ebeef1;--awb-bg-color-hover:#ebeef1;--awb-bg-position:right bottom;--awb-bg-size:cover;--awb-border-color:#af9755;--awb-border-top:1px;--awb-border-right:1px;--awb-border-bottom:1px;--awb-border-left:1px;--awb-border-style:solid;width:48%; margin-right: 4%;\"><div class=\"fusion-column-wrapper fusion-column-has-shadow fusion-flex-column-wrapper-legacy\"><div class=\"fusion-column-content-centered\"><div class=\"fusion-column-content\"><div class=\"fusion-sep-clear\"><\/div><div class=\"fusion-separator fusion-full-width-sep\" style=\"margin-left: auto;margin-right: auto;margin-top:10px;width:100%;\"><\/div><div class=\"fusion-sep-clear\"><\/div><div class=\"fusion-text fusion-text-1\" style=\"--awb-text-transform:none;\"><p style=\"letter-spacing: 4px; font-size: 13px; margin-bottom: 0px; text-align: center;\">LE PLUS BEAU GALA DE LA SAINT-SYLVESTRE DE SALZBOURG<\/p>\n<h1 class=\"fusion-responsive-typography-calculated\" style=\"text-align: center; --fontsize: 34; line-height: 1.4;\" data-fontsize=\"34\" data-lineheight=\"47.6px\">R\u00e9veillon du Nouvel An 2026\/2027<\/h1>\n<h1 class=\"fusion-responsive-typography-calculated\" style=\"text-align: center; --fontsize: 34; line-height: 1.4;\" data-fontsize=\"34\" data-lineheight=\"47.6px\">\u00e0 l&#8217;h\u00f4tel Pitter d&#8217;IMLAUER<\/h1>\n<\/div><div class=\"fusion-text fusion-text-2\" style=\"--awb-text-transform:none;\"><p style=\"text-align: center;\"><strong>Venez vivre un r\u00e9veillon de fin d&#8217;ann\u00e9e spectaculaire au c\u0153ur de Salzbourg !<\/strong><\/p>\n<p style=\"text-align: center;\">Une musique entra\u00eenante, une salle d\u00e9cor\u00e9e pour les f\u00eates avec une piste de danse et des mets raffin\u00e9s vous garantissent une soir\u00e9e inoubliable. Venez danser avec nous pour f\u00eater la nouvelle ann\u00e9e et commencez l&#8217;ann\u00e9e 2027 avec de merveilleux souvenirs. <\/p>\n<p style=\"text-align: center;\">Ap\u00e9ritif p\u00e9tillant<br \/>\nMusique live<br \/>\nD\u00eener de gala en 5 plats avec buffet de desserts<br \/>\nBoissons s\u00e9lectionn\u00e9es servies \u00e0 table incluses jusqu&#8217;\u00e0 1 h 30<br \/>\nLa Valse du Danube \u00e0 minuit<\/p>\n<p style=\"text-align: center;\"><strong>Prix par personne : 249,00 \u20ac<\/strong><\/p>\n<\/div><div class=\"fusion-text fusion-text-3\" style=\"--awb-text-transform:none;\"><h2 style=\"text-align: center;\"><a href=\"https:\/\/imlauer.com\/hotel-pitter-salzburg\/wp-content\/uploads\/2026\/08\/Angebot_Silvestergala_2026_DE.pdf\" target=\"_blank\" rel=\"noopener\"><strong><span style=\"color: #af9755;\">Pour le menu de gala du r\u00e9veillon du Nouvel An<\/span><\/strong><\/a><\/h2>\n<\/div><div class=\"fusion-sep-clear\"><\/div><div class=\"fusion-separator\" style=\"margin-left: auto;margin-right: auto;margin-top:0px;margin-bottom:20px;width:100%;max-width:50px;\"><div class=\"fusion-separator-border sep-single sep-solid\" style=\"--awb-height:20px;--awb-amount:20px;--awb-sep-color:#af9755;border-color:#af9755;border-top-width:1px;\"><\/div><\/div><div class=\"fusion-sep-clear\"><\/div><div class=\"fusion-text fusion-text-4\"><p style=\"text-align: center;\"><strong>D\u00e9but :<\/strong><br \/>\n31 d\u00e9cembre \/ 18 h 30<\/p>\n<p style=\"text-align: center;\"><strong>Lieu :<\/strong><br \/>\nIMLAUER HOTEL PITTER Salzbourg<br \/>\nRainerstra\u00dfe 6<br \/>\nSalzbourg, 5020 Autriche<\/p>\n<p style=\"text-align: center;\"><strong>T\u00e9l\u00e9phone :<\/strong><br \/>\n<a href=\"tel:+43662889780\">+43 (662) 88 97 80<\/a><\/p>\n<\/div><div class=\"fusion-sep-clear\"><\/div><div class=\"fusion-separator\" style=\"margin-left: auto;margin-right: auto;margin-top:0px;margin-bottom:20px;width:100%;max-width:50px;\"><div class=\"fusion-separator-border sep-single sep-solid\" style=\"--awb-height:20px;--awb-amount:20px;--awb-sep-color:#af9755;border-color:#af9755;border-top-width:1px;\"><\/div><\/div><div class=\"fusion-sep-clear\"><\/div><div class=\"fusion-button-wrapper fusion-aligncenter\"><a class=\"fusion-button button-flat button-large button-default fusion-button-default button-1 fusion-button-default-span \" style=\"--button-border-radius-top-left:0px;--button-border-radius-top-right:0px;--button-border-radius-bottom-right:0px;--button-border-radius-bottom-left:0px;--button_text_transform:uppercase;\" target=\"_blank\" rel=\"noopener noreferrer\" href=\"https:\/\/shop.imlauer.com\/?_gl=1*1e3rw3j*_gcl_au*MTIwNzQ1NTk4OC4xNzQ1NDk2OTIz*_ga*MjIyMjAwMTY0LjE3NDU0NzQwNTc.*_ga_TGMH9THV0C*czE3NTMyNDk5MzckbzE3NyRnMSR0MTc1MzI1MDc0OSRqNjAkbDAkaDA.\"><span class=\"fusion-button-text awb-button__text awb-button__text--default fusion-button-text-right\">ACHETER UN BON D&#8217;ACHAT EN LIGNE<\/span><span class=\"fusion-button-icon-divider button-icon-divider-right\"><i class=\"fa-gift fas awb-button__icon awb-button__icon--default\" aria-hidden=\"true\"><\/i><\/span><\/a><\/div><div class=\"fusion-sep-clear\"><\/div><div class=\"fusion-separator fusion-full-width-sep\" style=\"margin-left: auto;margin-right: auto;margin-top:30px;width:100%;\"><\/div><div class=\"fusion-sep-clear\"><\/div><div class=\"fusion-modal modal fade modal-1 gutscheine\" tabindex=\"-1\" role=\"dialog\" aria-labelledby=\"modal-heading-1\" aria-hidden=\"true\" style=\"--awb-border-color:#ebebeb;--awb-background:#f6f6f6;\"><div class=\"modal-dialog modal-lg\" role=\"document\"><div class=\"modal-content fusion-modal-content\"><div class=\"modal-header\"><button class=\"close\" type=\"button\" data-dismiss=\"modal\" aria-hidden=\"true\" aria-label=\"Close\">&times;<\/button><h3 class=\"modal-title\" id=\"modal-heading-1\" data-dismiss=\"modal\" aria-hidden=\"true\"><\/h3><\/div><div class=\"modal-body fusion-clearfix\"><\/div><div class=\"modal-footer\"><button class=\"fusion-button button-default button-medium button default medium\" type=\"button\" data-dismiss=\"modal\">Close<\/button><\/div><\/div><\/div><\/div><div class=\"fusion-text fusion-text-5\"><h2 style=\"text-align: center;\"><strong>R\u00e9servation sur <a href=\"mailto:event@imlauer.com\">event@imlauer.com<\/a> ou par t\u00e9l\u00e9phone au <a href=\"tel:0662889780\">+43(662)889780<\/a><br \/>\n<\/strong><\/h2>\n<\/div><\/div><\/div><div class=\"fusion-clearfix\"><\/div><\/div><\/div><div class=\"fusion-layout-column fusion_builder_column fusion-builder-column-1 fusion_builder_column_1_2 1_2 fusion-one-half fusion-column-last\" style=\"--awb-bg-size:cover;width:48%;\"><div class=\"fusion-column-wrapper fusion-column-has-shadow fusion-flex-column-wrapper-legacy\"><div class=\"fusion-sep-clear\"><\/div><div class=\"fusion-separator fusion-full-width-sep\" style=\"margin-left: auto;margin-right: auto;margin-top:10px;width:100%;\"><\/div><div class=\"fusion-sep-clear\"><\/div><div class=\"fusion-text fusion-text-6\"><h2 style=\"text-align: center;\"><strong>Menu de gala de la Saint-Sylvestre en 5 plats<\/strong><\/h2>\n<p style=\"text-align: center;\">Saumon Ora King, vieilli \u00e0 sec pendant 24 heures<\/p>\n<p style=\"text-align: center;\">\u00ab Confit et grav\u00e9 au vinaigre \u00bb<\/p>\n<p style=\"text-align: center;\">Caviar Royal \/ babeurre \/ cornichon marin\u00e9 \/ salade d&#8217;herbes aromatiques<\/p>\n<p style=\"text-align: center;\">****<\/p>\n<p style=\"text-align: center;\">Essence de canard de Nantes<\/p>\n<p style=\"text-align: center;\">gyoza farcis \/ paille de c\u00e9leri \/ cresson de Goa<\/p>\n<p style=\"text-align: center;\">****<\/p>\n<p style=\"text-align: center;\">Filet de bar po\u00eal\u00e9<\/p>\n<p style=\"text-align: center;\">Chou-fleur \/ Mousseline \/ Velout\u00e9 \/ Huile \u00e0 l&#8217;aneth \/ Crackers au tapioca<\/p>\n<p style=\"text-align: center;\">****<\/p>\n<p style=\"text-align: center;\">Filet de b\u0153uf po\u00eal\u00e9 ros\u00e9<\/p>\n<p style=\"text-align: center;\">Frites Macaire \/ Bimi au brocoli \/ Jus aux graines de moutarde \/ Beurre de duxelles du P\u00e9rigord<\/p>\n<p style=\"text-align: center;\">****<\/p>\n<p style=\"text-align: center;\">Buffet de desserts avec une bombe glac\u00e9e<\/p>\n<\/div><div class=\"fusion-clearfix\"><\/div><\/div><\/div><div class=\"fusion-layout-column fusion_builder_column fusion-builder-column-2 fusion_builder_column_1_3 1_3 fusion-one-third fusion-column-first fusion-column-no-min-height\" style=\"--awb-bg-blend:overlay;--awb-bg-size:cover;width:30.6666%; margin-right: 4%;\"><div class=\"fusion-column-wrapper fusion-column-has-shadow fusion-flex-column-wrapper-legacy\"><div class=\"fusion-slider-sc fusion-flexslider-loading flexslider flexslider-hover-type-none slider_rahmen\" data-slideshow_autoplay=\"1\" data-slideshow_smooth_height=\"0\" data-slideshow_speed=\"7000\" style=\"max-width:100%;height:100%;\"><ul class=\"slides\"><li class=\"image\"><span class=\"fusion-image-hover-element hover-type-none\"><img decoding=\"async\" src=\"https:\/\/imlauer.com\/hotel-pitter-salzburg\/wp-content\/uploads\/2025\/01\/Pitter-Saal-Dinner-1.jpg\" width=\"887\" height=\"591\" class=\"wp-image-38479\" srcset=\"https:\/\/imlauer.com\/hotel-pitter-salzburg\/wp-content\/uploads\/2025\/01\/Pitter-Saal-Dinner-1-200x133.jpg 200w, https:\/\/imlauer.com\/hotel-pitter-salzburg\/wp-content\/uploads\/2025\/01\/Pitter-Saal-Dinner-1-400x267.jpg 400w, https:\/\/imlauer.com\/hotel-pitter-salzburg\/wp-content\/uploads\/2025\/01\/Pitter-Saal-Dinner-1-600x400.jpg 600w, https:\/\/imlauer.com\/hotel-pitter-salzburg\/wp-content\/uploads\/2025\/01\/Pitter-Saal-Dinner-1-800x533.jpg 800w, https:\/\/imlauer.com\/hotel-pitter-salzburg\/wp-content\/uploads\/2025\/01\/Pitter-Saal-Dinner-1.jpg 887w\" sizes=\"(max-width: 969px) 100vw, 400px\" \/><\/span><\/li><\/ul><\/div><div class=\"fusion-clearfix\"><\/div><\/div><\/div><div class=\"fusion-layout-column fusion_builder_column fusion-builder-column-3 fusion_builder_column_1_3 1_3 fusion-one-third fusion-column-no-min-height\" style=\"--awb-bg-blend:overlay;--awb-bg-size:cover;width:30.6666%; margin-right: 4%;\"><div class=\"fusion-column-wrapper fusion-column-has-shadow fusion-flex-column-wrapper-legacy\"><div class=\"fusion-slider-sc fusion-flexslider-loading flexslider flexslider-hover-type-none slider_rahmen\" data-slideshow_autoplay=\"1\" data-slideshow_smooth_height=\"0\" data-slideshow_speed=\"7000\" style=\"max-width:100%;height:100%;\"><ul class=\"slides\"><li class=\"image\"><span class=\"fusion-image-hover-element hover-type-none\"><img decoding=\"async\" src=\"https:\/\/imlauer.com\/hotel-pitter-salzburg\/wp-content\/uploads\/2025\/01\/DSC0392.jpg\" width=\"2362\" height=\"2362\" class=\"wp-image-38597\" srcset=\"https:\/\/imlauer.com\/hotel-pitter-salzburg\/wp-content\/uploads\/2025\/01\/DSC0392-200x200.jpg 200w, https:\/\/imlauer.com\/hotel-pitter-salzburg\/wp-content\/uploads\/2025\/01\/DSC0392-400x400.jpg 400w, https:\/\/imlauer.com\/hotel-pitter-salzburg\/wp-content\/uploads\/2025\/01\/DSC0392-600x600.jpg 600w, https:\/\/imlauer.com\/hotel-pitter-salzburg\/wp-content\/uploads\/2025\/01\/DSC0392-800x800.jpg 800w, https:\/\/imlauer.com\/hotel-pitter-salzburg\/wp-content\/uploads\/2025\/01\/DSC0392-1200x1200.jpg 1200w, https:\/\/imlauer.com\/hotel-pitter-salzburg\/wp-content\/uploads\/2025\/01\/DSC0392.jpg 2362w\" sizes=\"(max-width: 969px) 100vw, 400px\" \/><\/span><\/li><\/ul><\/div><div class=\"fusion-clearfix\"><\/div><\/div><\/div><div class=\"fusion-layout-column fusion_builder_column fusion-builder-column-4 fusion_builder_column_1_3 1_3 fusion-one-third fusion-column-last fusion-column-no-min-height\" style=\"--awb-bg-blend:overlay;--awb-bg-size:cover;width:30.6666%;\"><div class=\"fusion-column-wrapper fusion-column-has-shadow fusion-flex-column-wrapper-legacy\"><div class=\"fusion-slider-sc fusion-flexslider-loading flexslider flexslider-hover-type-none slider_rahmen\" data-slideshow_autoplay=\"1\" data-slideshow_smooth_height=\"0\" data-slideshow_speed=\"7000\" style=\"max-width:100%;height:100%;\"><ul class=\"slides\"><li class=\"image\"><span class=\"fusion-image-hover-element hover-type-none\"><img decoding=\"async\" src=\"https:\/\/imlauer.com\/hotel-pitter-salzburg\/wp-content\/uploads\/2025\/01\/Pitter-Saal-4.jpg\" alt=\"Bild: Pitter Saal festlich geschm\u00fcckt zu Silvester\" width=\"887\" height=\"591\" class=\"wp-image-40679\" srcset=\"https:\/\/imlauer.com\/hotel-pitter-salzburg\/wp-content\/uploads\/2025\/01\/Pitter-Saal-4-200x133.jpg 200w, https:\/\/imlauer.com\/hotel-pitter-salzburg\/wp-content\/uploads\/2025\/01\/Pitter-Saal-4-400x267.jpg 400w, https:\/\/imlauer.com\/hotel-pitter-salzburg\/wp-content\/uploads\/2025\/01\/Pitter-Saal-4-600x400.jpg 600w, https:\/\/imlauer.com\/hotel-pitter-salzburg\/wp-content\/uploads\/2025\/01\/Pitter-Saal-4-800x533.jpg 800w, https:\/\/imlauer.com\/hotel-pitter-salzburg\/wp-content\/uploads\/2025\/01\/Pitter-Saal-4.jpg 887w\" sizes=\"(max-width: 969px) 100vw, 400px\" \/><\/span><\/li><\/ul><\/div><div class=\"fusion-clearfix\"><\/div><\/div><\/div><\/div><\/div>\n","protected":false},"excerpt":{"rendered":"","protected":false},"author":1,"featured_media":37433,"comment_status":"closed","ping_status":"closed","sticky":false,"template":"","format":"standard","meta":{"footnotes":""},"categories":[38],"tags":[],"class_list":["post-39889","post","type-post","status-publish","format-standard","has-post-thumbnail","hentry","category-evenements"],"_links":{"self":[{"href":"https:\/\/imlauer.com\/hotel-pitter-salzburg\/wp-json\/wp\/v2\/posts\/39889","targetHints":{"allow":["GET"]}}],"collection":[{"href":"https:\/\/imlauer.com\/hotel-pitter-salzburg\/wp-json\/wp\/v2\/posts"}],"about":[{"href":"https:\/\/imlauer.com\/hotel-pitter-salzburg\/wp-json\/wp\/v2\/types\/post"}],"author":[{"embeddable":true,"href":"https:\/\/imlauer.com\/hotel-pitter-salzburg\/wp-json\/wp\/v2\/users\/1"}],"replies":[{"embeddable":true,"href":"https:\/\/imlauer.com\/hotel-pitter-salzburg\/wp-json\/wp\/v2\/comments?post=39889"}],"version-history":[{"count":28,"href":"https:\/\/imlauer.com\/hotel-pitter-salzburg\/wp-json\/wp\/v2\/posts\/39889\/revisions"}],"predecessor-version":[{"id":48962,"href":"https:\/\/imlauer.com\/hotel-pitter-salzburg\/wp-json\/wp\/v2\/posts\/39889\/revisions\/48962"}],"wp:featuredmedia":[{"embeddable":true,"href":"https:\/\/imlauer.com\/hotel-pitter-salzburg\/wp-json\/wp\/v2\/media\/37433"}],"wp:attachment":[{"href":"https:\/\/imlauer.com\/hotel-pitter-salzburg\/wp-json\/wp\/v2\/media?parent=39889"}],"wp:term":[{"taxonomy":"category","embeddable":true,"href":"https:\/\/imlauer.com\/hotel-pitter-salzburg\/wp-json\/wp\/v2\/categories?post=39889"},{"taxonomy":"post_tag","embeddable":true,"href":"https:\/\/imlauer.com\/hotel-pitter-salzburg\/wp-json\/wp\/v2\/tags?post=39889"}],"curies":[{"name":"wp","href":"https:\/\/api.w.org\/{rel}","templated":true}]}}