{"id":381,"date":"2026-01-14T09:32:56","date_gmt":"2026-01-14T09:32:56","guid":{"rendered":"https:\/\/imlauer.com\/imlauer-sky-bar-restaurant\/valentinstag\/"},"modified":"2026-02-03T15:27:19","modified_gmt":"2026-02-03T15:27:19","slug":"valentinstag","status":"publish","type":"post","link":"https:\/\/imlauer.com\/imlauer-sky-bar-restaurant\/valentinstag\/","title":{"rendered":"Valentinstag"},"content":{"rendered":"<p><div class=\"fusion-bg-parallax\" data-bg-align=\"center bottom\" data-direction=\"up\" data-mute=\"false\" data-opacity=\"100\" data-velocity=\"-0.3\" data-mobile-enabled=\"false\" data-break_parents=\"0\" data-bg-image=\"https:\/\/imlauer.com\/imlauer-sky-bar-restaurant\/wp-content\/uploads\/2025\/01\/web_imlauer_0919-3368.jpg\" data-bg-repeat=\"false\" ><\/div><div class=\"fusion-fullwidth fullwidth-box fusion-builder-row-1 has-pattern-background has-mask-background fusion-parallax-up hundred-percent-fullwidth non-hundred-percent-height-scrolling lazyload\" style=\"--awb-background-position:center bottom;--awb-border-radius-top-left:0px;--awb-border-radius-top-right:0px;--awb-border-radius-bottom-right:0px;--awb-border-radius-bottom-left:0px;--awb-background-size:cover;--awb-flex-wrap:wrap;\" data-bg=\"https:\/\/imlauer.com\/imlauer-sky-bar-restaurant\/wp-content\/uploads\/2025\/01\/web_imlauer_0919-3368.jpg\" ><div class=\"fusion-builder-row fusion-row\"><div class=\"fusion-layout-column fusion_builder_column fusion-builder-column-0 fusion_builder_column_1_1 1_1 fusion-one-full fusion-column-first fusion-column-last\" style=\"--awb-bg-blend:overlay;--awb-bg-size:cover;\"><div class=\"fusion-column-wrapper fusion-column-has-shadow fusion-flex-column-wrapper-legacy\"><div class=\"fusion-sep-clear\"><\/div><div class=\"fusion-separator fusion-full-width-sep\" style=\"margin-left: auto;margin-right: auto;margin-bottom:35%;width:100%;\"><\/div><div class=\"fusion-sep-clear\"><\/div><div class=\"fusion-clearfix\"><\/div><\/div><\/div><\/div><\/div><div class=\"fusion-fullwidth fullwidth-box fusion-builder-row-2 nonhundred-percent-fullwidth non-hundred-percent-height-scrolling zimmer\" style=\"--awb-background-position:left top;--awb-border-sizes-top:0px;--awb-border-sizes-bottom:0px;--awb-border-sizes-left:0px;--awb-border-sizes-right:0px;--awb-border-radius-top-left:0px;--awb-border-radius-top-right:0px;--awb-border-radius-bottom-right:0px;--awb-border-radius-bottom-left:0px;--awb-padding-top:0px;--awb-padding-bottom:95px;--awb-flex-wrap:wrap;\" ><div class=\"fusion-builder-row fusion-row\"><div class=\"fusion-layout-column fusion_builder_column fusion-builder-column-1 fusion_builder_column_2_5 2_5 fusion-two-fifth fusion-column-first\" style=\"--awb-padding-right:45px;--awb-padding-bottom:45px;--awb-padding-left:45px;--awb-bg-color:#ebeef1;--awb-bg-color-hover:#ebeef1;--awb-bg-position:right bottom;--awb-bg-size:cover;--awb-border-color:#af9755;--awb-border-top:1px;--awb-border-right:1px;--awb-border-bottom:1px;--awb-border-left:1px;--awb-border-style:solid;width:37.6%; margin-right: 4%;\"><div class=\"fusion-column-wrapper fusion-column-has-shadow fusion-flex-column-wrapper-legacy\"><div class=\"fusion-sep-clear\"><\/div><div class=\"fusion-separator fusion-full-width-sep\" style=\"margin-left: auto;margin-right: auto;margin-top:20px;width:100%;\"><\/div><div class=\"fusion-sep-clear\"><\/div><div class=\"fusion-text fusion-text-1\"><h1 style=\"text-align: center;\">Valentinstagsmen\u00fc im IMLAUER Sky<\/h1>\n<\/div><div class=\"fusion-text fusion-text-2\"><div class=\"fusion-text\">\n<p style=\"text-align: center;\"><strong>Datum:<\/strong><\/p>\n<p style=\"text-align: center;\">Unser Restaurant ist am Valentinstag, <strong data-start=\"158\" data-end=\"178\">14. Februar 2026<\/strong>, am Abend bereits ausgebucht.<\/p>\n<p style=\"text-align: center;\">Gerne hei\u00dfen wir Sie jedoch noch <strong data-start=\"242\" data-end=\"277\">am Freitag, 13. Februar, abends<\/strong> oder <strong data-start=\"283\" data-end=\"319\">am Samstag, 14. Februar, mittags<\/strong> willkommen, um unser Valentinstags-Men\u00fc zu genie\u00dfen.<\/p>\n<p style=\"text-align: center;\">Tisch-Reservierungen bitte telefonisch unter <strong><a href=\"tel:066288978666\">+43 (662) 88 978 666<\/a><\/strong><\/p>\n<p style=\"text-align: center;\">Unser Tipp: <a href=\"https:\/\/shop.imlauer.com\" target=\"_blank\" rel=\"noopener\">IMLAUER Gutscheine<\/a> schenken<\/p>\n<p style=\"text-align: center;\"><strong>Ort:<\/strong><br \/>\nIMLAUER Sky Bar &amp; Restaurant<br \/>\nRainerstra\u00dfe 6-8<br \/>\nSalzburg, 5020 \u00d6sterreich<\/p>\n<p style=\"text-align: center;\"><strong>Telefon:<\/strong><br \/>\n<a href=\"tel:066288978666\">+43 (662) 88 978 666<\/a><\/p>\n<\/div>\n<\/div><div class=\"fusion-text fusion-text-3\"><h2 style=\"text-align: center;\"><strong>GAUMENFREUDEN &amp; ROMANTIK<\/strong><\/h2>\n<p style=\"text-align: center;\">werden im IMLAUER Sky Restaurant GROSS geschrieben.<\/p>\n<p style=\"text-align: center;\">Unser K\u00fcchenchef, Dominik M\u00fcnch zaubert mit seinem Team <strong>ein k\u00f6stliches Valentinstagsmen\u00fc f\u00fcr Sie und Ihre Liebsten.<br \/>\n<\/strong><\/p>\n<p style=\"text-align: center;\">Preis f\u00fcr das Men\u00fc pro Person: <strong>\u20ac 69,00<\/strong><\/p>\n<\/div><div class=\"fusion-text fusion-text-4\"><h2 style=\"text-align: center;\"><span style=\"color: #008ab4;\"><a style=\"color: #008ab4;\" href=\"https:\/\/imlauer.com\/imlauer-sky-bar-restaurant\/wp-content\/uploads\/2026\/02\/Valentinstagskarte_Sky-Website13.02.2026-NEU.pdf\" target=\"_blank\" rel=\"noopener\">Valentinstags-Men\u00fc als PDF<\/a><\/span><\/h2>\n<\/div><div class=\"fusion-aligncenter\"><a class=\"fusion-button button-flat button-large button-custom fusion-button-default button-1 fusion-button-default-span \" style=\"--button_accent_color:#af9755;--button_accent_hover_color:#ffffff;--button_border_hover_color:#af9755;--button-border-radius-top-left:0;--button-border-radius-top-right:0;--button-border-radius-bottom-right:0;--button-border-radius-bottom-left:0;--button_gradient_top_color:#ffffff;--button_gradient_bottom_color:#ffffff;--button_gradient_top_color_hover:#af9755;--button_gradient_bottom_color_hover:#af9755;--button_text_transform:uppercase;\" target=\"_blank\" rel=\"noopener noreferrer\" href=\"https:\/\/shop.imlauer.com\/valentinsgutschein\"><span class=\"fusion-button-icon-divider button-icon-divider-left\"><i class=\"fa-gift fas awb-button__icon awb-button__icon--default\" aria-hidden=\"true\"><\/i><\/span><span class=\"fusion-button-text awb-button__text awb-button__text--default fusion-button-text-left\">Gutschein online kaufen<\/span><\/a><\/div><div class=\"fusion-sep-clear\"><\/div><div class=\"fusion-separator fusion-full-width-sep\" style=\"margin-left: auto;margin-right: auto;margin-top:30px;width:100%;\"><\/div><div class=\"fusion-sep-clear\"><\/div><div class=\"fusion-text fusion-text-5\"><h2 style=\"text-align: center;\"><strong>Reservierung unter <a href=\"mailto:skyrestaurant@imlauer.com\">skyrestaurant@imlauer.com<\/a> oder telefonisch unter <a href=\"tel:066288978666\">+43 (662) 88 978 666<\/a><br \/>\n<\/strong><\/h2>\n<\/div><div class=\"fusion-clearfix\"><\/div><\/div><\/div><div class=\"fusion-layout-column fusion_builder_column fusion-builder-column-2 fusion_builder_column_3_5 3_5 fusion-three-fifth fusion-column-last zimmerdetails_bilder\" style=\"--awb-padding-top:40px;--awb-padding-right:40px;--awb-padding-bottom:40px;--awb-padding-left:40px;--awb-bg-blend:overlay;--awb-bg-size:cover;width:58.4%;\"><div class=\"fusion-column-wrapper fusion-column-has-shadow fusion-flex-column-wrapper-legacy\"><div class=\"fusion-text fusion-text-6\"><h2 style=\"text-align: center;\">Valentinstags-Men\u00fc<\/h2>\n<p style=\"text-align: center;\">GEDECK<\/p>\n<p style=\"text-align: center;\">***<\/p>\n<p style=\"text-align: center;\">CONSOMM\u00c9 VON DER WILDENTE<br \/>\nger\u00e4ucherte Ente \/ Karamell-Zwiebeltascherl<\/p>\n<p style=\"text-align: center;\">***<\/p>\n<p style=\"text-align: center;\">SURF &amp; TURF<br \/>\nRINDERFILETSTEAK VOM \u00d6STERREICHISCHEM JUNGSTIER<br \/>\n&amp; GEBRATENE GARNELE<br \/>\nS\u00fc\u00dfkartoffelcreme \/ Kr\u00e4uterseitlinge \/ gr\u00fcner Spargel \/ Barolo-Jus<\/p>\n<p style=\"text-align: center;\">oder<\/p>\n<p style=\"text-align: center;\">GEBRATENES FILET VOM WOLFSBARSCH<br \/>\nSenfspitzkraut \/ Cipollini \/ Kartoffel-Carr\u00e9es \/ Portweinsauce<\/p>\n<p style=\"text-align: center;\">***<\/p>\n<p style=\"text-align: center;\">SCHOKOLADEN-G\u00c2TEAU<br \/>\nKreolische Sauce \/ Buttermilcheis<\/p>\n<p style=\"text-align: center;\"><strong>Valentinstag\u2013Men\u00fc: \u20ac 69,00 pro Person<\/strong><\/p>\n<\/div><div class=\"fusion-sep-clear\"><\/div><div class=\"fusion-separator fusion-full-width-sep\" style=\"margin-left: auto;margin-right: auto;margin-top:30px;width:100%;\"><\/div><div class=\"fusion-sep-clear\"><\/div><div class=\"fusion-text fusion-text-7\"><p style=\"text-align: center;\">Auf Wunsch servieren wir unser Valentinstagsmen\u00fc auch in einer feinen vegetarischen Variante.<\/p>\n<\/div><div class=\"fusion-clearfix\"><\/div><\/div><\/div><\/div><\/div><div class=\"fusion-fullwidth fullwidth-box fusion-builder-row-3 fusion-flex-container has-pattern-background has-mask-background nonhundred-percent-fullwidth non-hundred-percent-height-scrolling\" style=\"--awb-border-radius-top-left:0px;--awb-border-radius-top-right:0px;--awb-border-radius-bottom-right:0px;--awb-border-radius-bottom-left:0px;--awb-flex-wrap:wrap;\" ><div class=\"fusion-builder-row fusion-row fusion-flex-align-items-flex-start fusion-flex-content-wrap\" style=\"max-width:1352px;margin-left: calc(-4% \/ 2 );margin-right: calc(-4% \/ 2 );\"><div class=\"fusion-layout-column fusion_builder_column fusion-builder-column-3 fusion_builder_column_1_1 1_1 fusion-flex-column\" style=\"--awb-bg-size:cover;--awb-width-large:100%;--awb-margin-top-large:0px;--awb-spacing-right-large:1.92%;--awb-margin-bottom-large:20px;--awb-spacing-left-large:1.92%;--awb-width-medium:100%;--awb-order-medium:0;--awb-spacing-right-medium:1.92%;--awb-spacing-left-medium:1.92%;--awb-width-small:100%;--awb-order-small:0;--awb-spacing-right-small:1.92%;--awb-spacing-left-small:1.92%;\"><div class=\"fusion-column-wrapper fusion-column-has-shadow fusion-flex-justify-content-flex-start fusion-content-layout-column\"><div class=\"fusion-text fusion-text-8\"><h1 style=\"text-align: center;\">Romantische Tage in Salzburg<\/h1>\n<\/div><div class=\"fusion-text fusion-text-9\"><p style=\"text-align: center;\">Genie\u00dfen Sie Zeit zu zweit in einer Stadt voller Musik und Romantik. Durch die Altstadt flanieren, gemeinsam die Festung erobern, die neuesten Ausstellungen besichtigen<\/p>\n<p style=\"text-align: center;\">und ein romantisches Dinner voller kulinarischer Highlights \u00fcber den D\u00e4chern von Salzburg genie\u00dfen.<\/p>\n<p style=\"text-align: center;\">F\u00fcr traumhafte Aufenthalte rund um den Valentinstag erwarten Sie unsere Salzburger Hotels.<\/p>\n<\/div><\/div><\/div><div class=\"fusion-layout-column fusion_builder_column fusion-builder-column-4 fusion_builder_column_1_6 1_6 fusion-flex-column\" style=\"--awb-bg-size:cover;--awb-width-large:16.666666666667%;--awb-margin-top-large:0px;--awb-spacing-right-large:11.52%;--awb-margin-bottom-large:20px;--awb-spacing-left-large:11.52%;--awb-width-medium:100%;--awb-order-medium:0;--awb-spacing-right-medium:1.92%;--awb-spacing-left-medium:1.92%;--awb-width-small:100%;--awb-order-small:0;--awb-spacing-right-small:1.92%;--awb-spacing-left-small:1.92%;\"><div class=\"fusion-column-wrapper fusion-column-has-shadow fusion-flex-justify-content-flex-start fusion-content-layout-column\"><\/div><\/div><div class=\"fusion-layout-column fusion_builder_column fusion-builder-column-5 fusion_builder_column_1_3 1_3 fusion-flex-column\" style=\"--awb-bg-size:cover;--awb-width-large:33.333333333333%;--awb-margin-top-large:0px;--awb-spacing-right-large:5.76%;--awb-margin-bottom-large:20px;--awb-spacing-left-large:5.76%;--awb-width-medium:100%;--awb-order-medium:0;--awb-spacing-right-medium:1.92%;--awb-spacing-left-medium:1.92%;--awb-width-small:100%;--awb-order-small:0;--awb-spacing-right-small:1.92%;--awb-spacing-left-small:1.92%;\"><div class=\"fusion-column-wrapper fusion-column-has-shadow fusion-flex-justify-content-flex-start fusion-content-layout-column\"><div class=\"fusion-text fusion-text-10\"><p><a href=\"https:\/\/imlauer.com\/hotel-imlauer-salzburg\/\" target=\"_blank\" rel=\"noopener\"><span style=\"color: #af9755;\"><strong>IMLAUER &amp; Br\u00e4u Hotels Salzburg<\/strong><\/span><\/a><\/p>\n<\/div><div class=\"fusion-image-element \" style=\"--awb-caption-title-font-family:var(--h2_typography-font-family);--awb-caption-title-font-weight:var(--h2_typography-font-weight);--awb-caption-title-font-style:var(--h2_typography-font-style);--awb-caption-title-size:var(--h2_typography-font-size);--awb-caption-title-transform:var(--h2_typography-text-transform);--awb-caption-title-line-height:var(--h2_typography-line-height);--awb-caption-title-letter-spacing:var(--h2_typography-letter-spacing);\"><span class=\" fusion-imageframe imageframe-none imageframe-1 hover-type-none\"><a class=\"fusion-no-lightbox\" href=\"https:\/\/imlauer.com\/hotel-imlauer-salzburg\/\" target=\"_self\" aria-label=\"web_imlauer_0425-75 web\"><img decoding=\"async\" width=\"1200\" height=\"800\" alt=\"Bild: Renoviertes Doppelzimmer Deluxe im IMLAUER &amp; Br\u00e4u Hotels Salzburg\" src=\"https:\/\/imlauer.com\/imlauer-sky-bar-restaurant\/wp-content\/uploads\/2026\/01\/web_imlauer_0425-75-web.jpg\" data-orig-src=\"https:\/\/imlauer.com\/imlauer-sky-bar-restaurant\/wp-content\/uploads\/2026\/01\/web_imlauer_0425-75-web.jpg\" class=\"lazyload img-responsive wp-image-16883\" srcset=\"data:image\/svg+xml,%3Csvg%20xmlns%3D%27http%3A%2F%2Fwww.w3.org%2F2000%2Fsvg%27%20width%3D%271200%27%20height%3D%27800%27%20viewBox%3D%270%200%201200%20800%27%3E%3Crect%20width%3D%271200%27%20height%3D%27800%27%20fill-opacity%3D%220%22%2F%3E%3C%2Fsvg%3E\" data-srcset=\"https:\/\/imlauer.com\/imlauer-sky-bar-restaurant\/wp-content\/uploads\/2026\/01\/web_imlauer_0425-75-web-200x133.jpg 200w, https:\/\/imlauer.com\/imlauer-sky-bar-restaurant\/wp-content\/uploads\/2026\/01\/web_imlauer_0425-75-web-400x267.jpg 400w, https:\/\/imlauer.com\/imlauer-sky-bar-restaurant\/wp-content\/uploads\/2026\/01\/web_imlauer_0425-75-web-600x400.jpg 600w, https:\/\/imlauer.com\/imlauer-sky-bar-restaurant\/wp-content\/uploads\/2026\/01\/web_imlauer_0425-75-web-800x533.jpg 800w, https:\/\/imlauer.com\/imlauer-sky-bar-restaurant\/wp-content\/uploads\/2026\/01\/web_imlauer_0425-75-web.jpg 1200w\" data-sizes=\"auto\" data-orig-sizes=\"(max-width: 1024px) 100vw, (max-width: 640px) 100vw, 400px\" \/><\/a><\/span><\/div><\/div><\/div><div class=\"fusion-layout-column fusion_builder_column fusion-builder-column-6 fusion_builder_column_1_3 1_3 fusion-flex-column\" style=\"--awb-bg-size:cover;--awb-width-large:33.333333333333%;--awb-margin-top-large:0px;--awb-spacing-right-large:5.76%;--awb-margin-bottom-large:20px;--awb-spacing-left-large:5.76%;--awb-width-medium:100%;--awb-order-medium:0;--awb-spacing-right-medium:1.92%;--awb-spacing-left-medium:1.92%;--awb-width-small:100%;--awb-order-small:0;--awb-spacing-right-small:1.92%;--awb-spacing-left-small:1.92%;\"><div class=\"fusion-column-wrapper fusion-column-has-shadow fusion-flex-justify-content-flex-start fusion-content-layout-column\"><div class=\"fusion-text fusion-text-11\"><p><a href=\"https:\/\/imlauer.com\/hotel-pitter-salzburg\/\" target=\"_blank\" rel=\"noopener\"><span style=\"color: #af9755;\"><strong>IMLAUER Hotel Pitter Salzburg<\/strong><\/span><\/a><\/p>\n<\/div><div class=\"fusion-image-element \" style=\"--awb-caption-title-font-family:var(--h2_typography-font-family);--awb-caption-title-font-weight:var(--h2_typography-font-weight);--awb-caption-title-font-style:var(--h2_typography-font-style);--awb-caption-title-size:var(--h2_typography-font-size);--awb-caption-title-transform:var(--h2_typography-text-transform);--awb-caption-title-line-height:var(--h2_typography-line-height);--awb-caption-title-letter-spacing:var(--h2_typography-letter-spacing);\"><span class=\" fusion-imageframe imageframe-none imageframe-2 hover-type-none\"><a class=\"fusion-no-lightbox\" href=\"https:\/\/imlauer.com\/hotel-pitter-salzburg\/\" target=\"_self\" aria-label=\"Deluxe Zimmer Gartenblick_1 klein\"><img decoding=\"async\" width=\"1200\" height=\"841\" alt=\"Bild: Deluxezimmer im IMLAUER Hotel Pitter Salzburg\" src=\"https:\/\/imlauer.com\/imlauer-sky-bar-restaurant\/wp-content\/uploads\/2026\/01\/Deluxe-Zimmer-Gartenblick_1-klein.jpg\" data-orig-src=\"https:\/\/imlauer.com\/imlauer-sky-bar-restaurant\/wp-content\/uploads\/2026\/01\/Deluxe-Zimmer-Gartenblick_1-klein.jpg\" class=\"lazyload img-responsive wp-image-16907\" srcset=\"data:image\/svg+xml,%3Csvg%20xmlns%3D%27http%3A%2F%2Fwww.w3.org%2F2000%2Fsvg%27%20width%3D%271200%27%20height%3D%27841%27%20viewBox%3D%270%200%201200%20841%27%3E%3Crect%20width%3D%271200%27%20height%3D%27841%27%20fill-opacity%3D%220%22%2F%3E%3C%2Fsvg%3E\" data-srcset=\"https:\/\/imlauer.com\/imlauer-sky-bar-restaurant\/wp-content\/uploads\/2026\/01\/Deluxe-Zimmer-Gartenblick_1-klein-200x140.jpg 200w, https:\/\/imlauer.com\/imlauer-sky-bar-restaurant\/wp-content\/uploads\/2026\/01\/Deluxe-Zimmer-Gartenblick_1-klein-400x280.jpg 400w, https:\/\/imlauer.com\/imlauer-sky-bar-restaurant\/wp-content\/uploads\/2026\/01\/Deluxe-Zimmer-Gartenblick_1-klein-600x421.jpg 600w, https:\/\/imlauer.com\/imlauer-sky-bar-restaurant\/wp-content\/uploads\/2026\/01\/Deluxe-Zimmer-Gartenblick_1-klein-800x561.jpg 800w, https:\/\/imlauer.com\/imlauer-sky-bar-restaurant\/wp-content\/uploads\/2026\/01\/Deluxe-Zimmer-Gartenblick_1-klein.jpg 1200w\" data-sizes=\"auto\" data-orig-sizes=\"(max-width: 1024px) 100vw, (max-width: 640px) 100vw, 400px\" \/><\/a><\/span><\/div><\/div><\/div><\/div><\/div><\/p>\n","protected":false},"excerpt":{"rendered":"","protected":false},"author":5,"featured_media":382,"comment_status":"closed","ping_status":"closed","sticky":false,"template":"","format":"standard","meta":{"footnotes":""},"categories":[1],"tags":[],"class_list":["post-381","post","type-post","status-publish","format-standard","has-post-thumbnail","hentry","category-unkategorisiert"],"_links":{"self":[{"href":"https:\/\/imlauer.com\/imlauer-sky-bar-restaurant\/wp-json\/wp\/v2\/posts\/381","targetHints":{"allow":["GET"]}}],"collection":[{"href":"https:\/\/imlauer.com\/imlauer-sky-bar-restaurant\/wp-json\/wp\/v2\/posts"}],"about":[{"href":"https:\/\/imlauer.com\/imlauer-sky-bar-restaurant\/wp-json\/wp\/v2\/types\/post"}],"author":[{"embeddable":true,"href":"https:\/\/imlauer.com\/imlauer-sky-bar-restaurant\/wp-json\/wp\/v2\/users\/5"}],"replies":[{"embeddable":true,"href":"https:\/\/imlauer.com\/imlauer-sky-bar-restaurant\/wp-json\/wp\/v2\/comments?post=381"}],"version-history":[{"count":18,"href":"https:\/\/imlauer.com\/imlauer-sky-bar-restaurant\/wp-json\/wp\/v2\/posts\/381\/revisions"}],"predecessor-version":[{"id":17064,"href":"https:\/\/imlauer.com\/imlauer-sky-bar-restaurant\/wp-json\/wp\/v2\/posts\/381\/revisions\/17064"}],"wp:featuredmedia":[{"embeddable":true,"href":"https:\/\/imlauer.com\/imlauer-sky-bar-restaurant\/wp-json\/wp\/v2\/media\/382"}],"wp:attachment":[{"href":"https:\/\/imlauer.com\/imlauer-sky-bar-restaurant\/wp-json\/wp\/v2\/media?parent=381"}],"wp:term":[{"taxonomy":"category","embeddable":true,"href":"https:\/\/imlauer.com\/imlauer-sky-bar-restaurant\/wp-json\/wp\/v2\/categories?post=381"},{"taxonomy":"post_tag","embeddable":true,"href":"https:\/\/imlauer.com\/imlauer-sky-bar-restaurant\/wp-json\/wp\/v2\/tags?post=381"}],"curies":[{"name":"wp","href":"https:\/\/api.w.org\/{rel}","templated":true}]}}